{"id":1409,"date":"2014-10-09T15:06:22","date_gmt":"2014-10-09T13:06:22","guid":{"rendered":"http:\/\/labsk.net\/clubmartes\/?p=1409"},"modified":"2014-10-23T15:33:38","modified_gmt":"2014-10-23T13:33:38","slug":"cronica-de-una-muerte-anunciada-mdla","status":"publish","type":"post","link":"https:\/\/labsk.net\/clubmartes\/cronica-de-una-muerte-anunciada-mdla\/","title":{"rendered":"Cr\u00f3nica de una muerte anunciada (MdlA)"},"content":{"rendered":"<p><img decoding=\"async\" src=\"http:\/\/i60.tinypic.com\/zk4m0o.jpg\" alt=\"Muerte del Conde de Villamediana\" width=\"470\" \/><\/p>\n<p style=\"text-align: justify;\">El 21 de agosto de 1622, <strong>don Juan de Tassis y Peralta, segundo conde de Villamediana<\/strong>, Correo Mayor del Rey, y uno de los m\u00e1s agud\u00edsimos ingenios de la poes\u00eda sarc\u00e1stica del momento, al atardecer se dirig\u00eda sosegado a su palacio en su coche acompa\u00f1ado de don Luis de Haro y Guzm\u00e1n (hijo del marqu\u00e9s de Carpio y sobrino del conde de Olivares), a pesar de que unos minutos antes el confesor Z\u00fa\u00f1iga le hab\u00eda advertido que lo quer\u00edan asesinar, burlando y mof\u00e1ndose el conde del aviso.<\/p>\n<p style=\"text-align: justify;\"><strong>Era sobre las ocho de la tarde<\/strong> cuando su carroza atraves\u00f3 la madrile\u00f1a calle Mayor, en las entreluces del lubric\u00e1n, en direcci\u00f3n a San Gin\u00e9s. De los portales de la acera, un individuo encapuchado, se aproxim\u00f3 s\u00fabitamente por el flanco izquierdo del veh\u00edculo deteni\u00e9ndolo, se asom\u00f3 al estribo del coche, sin mediar palabra y con \u00abarma terrible de cuchilla, seg\u00fan hizo la herida, le pas\u00f3 del costado izquierdo al molledo del brazo derecho, <strong>dejando tal herida al conde de Villamediana<\/strong>, que aun en un toro diera horror\u00bb\u00a0<a href=\"#_edn1\" name=\"_ednref1\">[i]<\/a>.<\/p>\n<p style=\"text-align: justify;\">Mientras, algo lento de reflejos, don Luis de Haro se lanz\u00f3 espada en mano <strong>contra el agresor y su c\u00f3mplice, que escaparon aprovech\u00e1ndose de la aglomeraci\u00f3n de personas y del bullicio existente<\/strong>. Don Juan de Tassis y Peralta, envuelto en sangre, con el coraz\u00f3n partido por la terrible cuchilla, <strong>falleci\u00f3 casi de inmediato<\/strong>, y su muerte fue m\u00e1s aplaudida que sentida.<\/p>\n<p style=\"text-align: justify;\">Lo tr\u00e1gico de su asesinato, as\u00ed como el no haber sido aclaradas en aquel preciso momento las verdaderas circunstancias de su muerte, unido todo ello al escaso inter\u00e9s de la justicia en perseguir el crimen, con presteza dio p\u00e1bulo en los mentideros a<strong> la rom\u00e1ntica leyenda del conde de Villamediana<\/strong> quien, siempre seg\u00fan el vulgo, habr\u00eda sucumbido <strong>a un meritorio complot<\/strong> cuyo origen se encontraba en las m\u00e1s altas c\u00fapulas del Alc\u00e1zar Real por haber tenido la osad\u00eda de fijar sus ojos en la reina Isabel de Borb\u00f3n. Pero, \u00bfqu\u00e9 hay de cierto en todo ello?, \u00bfqui\u00e9nes fueron los magnicidas? \u00bfy cu\u00e1les fueron sus razones? \u00bfexisti\u00f3 tal complot o solo es fruto de las habladur\u00edas?<\/p>\n<p style=\"font-size: 11px;\"><a href=\"#_ednref1\" name=\"_edn1\">[i]<\/a> Correspondencia de Luis de G\u00f3ngora a Crist\u00f3bal de Heredia en Madrid, el 23 agosto 1622, donde se describe las heridas recibidas por el conde de Villamediana.<\/p>\n<p style=\"text-align: justify;\"><strong>Nota:<\/strong>\u00a0Este Enigma aparece como el n\u00famero 2\u00a0del <a title=\"Diez enigmas para el Madrid de los Austrias (playset)\" href=\"http:\/\/labsk.net\/clubmartes\/archives\/1400\" target=\"_blank\">playset Madrid de los Austrias<\/a>\u00a0para el Club de los Martes. <strong>No est\u00e1 liberado para descarga gratuita.<\/strong><\/p>\n","protected":false},"excerpt":{"rendered":"<p>El 21 de agosto de 1622, don Juan de Tassis y Peralta, segundo conde de Villamediana, Correo Mayor del Rey, y uno de los m\u00e1s agud\u00edsimos ingenios de la poes\u00eda sarc\u00e1stica del momento, al atardecer se dirig\u00eda sosegado a su palacio en su coche acompa\u00f1ado de don Luis de Haro y Guzm\u00e1n (hijo del marqu\u00e9s &hellip; <a href=\"https:\/\/labsk.net\/clubmartes\/cronica-de-una-muerte-anunciada-mdla\/\" class=\"more-link\">Seguir leyendo <span class=\"screen-reader-text\">Cr\u00f3nica de una muerte anunciada (MdlA)<\/span> <span class=\"meta-nav\">&rarr;<\/span><\/a><\/p>\n","protected":false},"author":1,"featured_media":0,"comment_status":"open","ping_status":"open","sticky":false,"template":"","format":"standard","meta":{"footnotes":""},"categories":[4],"tags":[239,250,237],"class_list":["post-1409","post","type-post","status-publish","format-standard","hentry","category-enigmas","tag-cronica-de-una-muerte-anunciada","tag-enigmas","tag-madrid-de-los-austrias"],"_links":{"self":[{"href":"https:\/\/labsk.net\/clubmartes\/wp-json\/wp\/v2\/posts\/1409","targetHints":{"allow":["GET"]}}],"collection":[{"href":"https:\/\/labsk.net\/clubmartes\/wp-json\/wp\/v2\/posts"}],"about":[{"href":"https:\/\/labsk.net\/clubmartes\/wp-json\/wp\/v2\/types\/post"}],"author":[{"embeddable":true,"href":"https:\/\/labsk.net\/clubmartes\/wp-json\/wp\/v2\/users\/1"}],"replies":[{"embeddable":true,"href":"https:\/\/labsk.net\/clubmartes\/wp-json\/wp\/v2\/comments?post=1409"}],"version-history":[{"count":0,"href":"https:\/\/labsk.net\/clubmartes\/wp-json\/wp\/v2\/posts\/1409\/revisions"}],"wp:attachment":[{"href":"https:\/\/labsk.net\/clubmartes\/wp-json\/wp\/v2\/media?parent=1409"}],"wp:term":[{"taxonomy":"category","embeddable":true,"href":"https:\/\/labsk.net\/clubmartes\/wp-json\/wp\/v2\/categories?post=1409"},{"taxonomy":"post_tag","embeddable":true,"href":"https:\/\/labsk.net\/clubmartes\/wp-json\/wp\/v2\/tags?post=1409"}],"curies":[{"name":"wp","href":"https:\/\/api.w.org\/{rel}","templated":true}]}}