{"id":5177,"date":"2009-10-22T13:18:01","date_gmt":"2009-10-22T12:18:01","guid":{"rendered":"http:\/\/www.labsk.net\/wkr\/?p=5177"},"modified":"2009-10-22T13:18:01","modified_gmt":"2009-10-22T12:18:01","slug":"asterix-y-obelix-cumplen-50-anos","status":"publish","type":"post","link":"https:\/\/labsk.net\/wkr\/archives\/5177\/","title":{"rendered":"Asterix y Obelix cumplen 50 a\u00f1os"},"content":{"rendered":"<p><img decoding=\"async\" src=\"http:\/\/i624.photobucket.com\/albums\/tt323\/diariowkr\/asterix.jpg\" alt=\"Asterix y Obelix\" \/><\/p>\n<p>Hoy, jueves 22 de octubre, se cumple 50 a\u00f1os desde que Ren\u00e9 Goscinny al gui\u00f3n y Albert Uderzo al dibujo comenzaron a publicar en la revista &#8216;Pilote&#8217;, de la editorial Dargaud, las aventuras del galo m\u00e1s famoso de la historia: Ast\u00e9rix. Con motivo de esta efem\u00e9ride, la editorial Salvat saca hoy a la venta en Espa\u00f1a el \u00e1lbum &#8216;El aniversario de Ast\u00e9rix y Ob\u00e9lix. El libro de Oro&#8217;, que cuesta 12 euros, y del que se han lanzado 300.000 ejemplares (en castellano, catal\u00e1n, euskera y gallego).<\/p>\n<p><strong>M\u00e1s info:<\/strong><br \/>\n<a href=\"http:\/\/www.asterix.com\/index.html.es\" target=\"_blank\">http:\/\/www.asterix.com\/index.html.es<\/a><br \/>\n<a href=\"http:\/\/bit.ly\/3v7JX3\" target=\"_blank\">http:\/\/bit.ly\/3v7JX3<\/a><br \/>\n<a href=\"http:\/\/bit.ly\/10sGcn\" target=\"_blank\">http:\/\/bit.ly\/10sGcn<\/a><\/p>\n","protected":false},"excerpt":{"rendered":"<p>Hoy, jueves 22 de octubre, se cumple 50 a\u00f1os desde que Ren\u00e9 Goscinny al gui\u00f3n y Albert Uderzo al dibujo comenzaron a publicar en la [&hellip;]<\/p>\n","protected":false},"author":1,"featured_media":0,"comment_status":"open","ping_status":"open","sticky":false,"template":"","format":"standard","meta":{"sfsi_plus_gutenberg_text_before_share":"","sfsi_plus_gutenberg_show_text_before_share":"","sfsi_plus_gutenberg_icon_type":"","sfsi_plus_gutenberg_icon_alignemt":"","sfsi_plus_gutenburg_max_per_row":"","footnotes":""},"categories":[7],"tags":[324],"class_list":["post-5177","post","type-post","status-publish","format-standard","hentry","category-miscelanea","tag-asterix-y-obelix"],"_links":{"self":[{"href":"https:\/\/labsk.net\/wkr\/wp-json\/wp\/v2\/posts\/5177","targetHints":{"allow":["GET"]}}],"collection":[{"href":"https:\/\/labsk.net\/wkr\/wp-json\/wp\/v2\/posts"}],"about":[{"href":"https:\/\/labsk.net\/wkr\/wp-json\/wp\/v2\/types\/post"}],"author":[{"embeddable":true,"href":"https:\/\/labsk.net\/wkr\/wp-json\/wp\/v2\/users\/1"}],"replies":[{"embeddable":true,"href":"https:\/\/labsk.net\/wkr\/wp-json\/wp\/v2\/comments?post=5177"}],"version-history":[{"count":0,"href":"https:\/\/labsk.net\/wkr\/wp-json\/wp\/v2\/posts\/5177\/revisions"}],"wp:attachment":[{"href":"https:\/\/labsk.net\/wkr\/wp-json\/wp\/v2\/media?parent=5177"}],"wp:term":[{"taxonomy":"category","embeddable":true,"href":"https:\/\/labsk.net\/wkr\/wp-json\/wp\/v2\/categories?post=5177"},{"taxonomy":"post_tag","embeddable":true,"href":"https:\/\/labsk.net\/wkr\/wp-json\/wp\/v2\/tags?post=5177"}],"curies":[{"name":"wp","href":"https:\/\/api.w.org\/{rel}","templated":true}]}}