{"id":6923,"date":"2010-05-17T12:48:25","date_gmt":"2010-05-17T11:48:25","guid":{"rendered":"http:\/\/www.labsk.net\/wkr\/?p=6923"},"modified":"2010-05-17T13:17:36","modified_gmt":"2010-05-17T12:17:36","slug":"serafin-marin-con-barretina-y-senyera-el-defensor-de-los-toros-en-cataluna","status":"publish","type":"post","link":"https:\/\/labsk.net\/wkr\/archives\/6923\/","title":{"rendered":"Seraf\u00edn Mar\u00edn, con barretina y senyera, el defensor de los toros en Catalu\u00f1a"},"content":{"rendered":"<p><img decoding=\"async\" src=\"http:\/\/i624.photobucket.com\/albums\/tt323\/diariowkr\/serafin-marin.jpg\" alt=\"Seraf\u00edn Mar\u00edn\" \/><\/p>\n<p>La prohibici\u00f3n de los toros en Catalu\u00f1a parece que sigue su curso, as\u00ed que Seraf\u00edn Mar\u00edn, como m\u00e9todo de protesta, <a href=\"http:\/\/www.burladero.com\/festejos\/011493\/barcelona\/barrera\/eugenio\/mora\/serafin\/marin\">decidi\u00f3 dar el paseillo inicial este fin de semana en la plaza de toros de Barcelona<\/a> ataviado con un curioso atuendo: en lugar de montera, barretina (gorro tradicional catal\u00e1n), y en vez capote de paseo, senyera. <\/p>\n<p>Esto ha llegado ya a niveles de ridiculez insospechables. Y digo yo, ya puestos, \u00bfpor qu\u00e9 no se pint\u00f3 de negro y sali\u00f3 con un ni\u00f1o en su regazo y una esfera en la otra mano? Hubiera hecho mucho m\u00e1s ruido medi\u00e1tico, seguro. <\/p>\n<p>Por cierto, por lo visto cort\u00f3 dos orejas y sali\u00f3 a hombros por la puerta grande; espero que no sea muy supersticioso, porque lo veo vestido as\u00ed en todas las corridas que haga.<\/p>\n","protected":false},"excerpt":{"rendered":"<p>La prohibici\u00f3n de los toros en Catalu\u00f1a parece que sigue su curso, as\u00ed que Seraf\u00edn Mar\u00edn, como m\u00e9todo de protesta, decidi\u00f3 dar el paseillo inicial [&hellip;]<\/p>\n","protected":false},"author":1,"featured_media":0,"comment_status":"open","ping_status":"open","sticky":false,"template":"","format":"standard","meta":{"sfsi_plus_gutenberg_text_before_share":"","sfsi_plus_gutenberg_show_text_before_share":"","sfsi_plus_gutenberg_icon_type":"","sfsi_plus_gutenberg_icon_alignemt":"","sfsi_plus_gutenburg_max_per_row":"","footnotes":""},"categories":[7],"tags":[591],"class_list":["post-6923","post","type-post","status-publish","format-standard","hentry","category-miscelanea","tag-serafin-marin"],"_links":{"self":[{"href":"https:\/\/labsk.net\/wkr\/wp-json\/wp\/v2\/posts\/6923","targetHints":{"allow":["GET"]}}],"collection":[{"href":"https:\/\/labsk.net\/wkr\/wp-json\/wp\/v2\/posts"}],"about":[{"href":"https:\/\/labsk.net\/wkr\/wp-json\/wp\/v2\/types\/post"}],"author":[{"embeddable":true,"href":"https:\/\/labsk.net\/wkr\/wp-json\/wp\/v2\/users\/1"}],"replies":[{"embeddable":true,"href":"https:\/\/labsk.net\/wkr\/wp-json\/wp\/v2\/comments?post=6923"}],"version-history":[{"count":0,"href":"https:\/\/labsk.net\/wkr\/wp-json\/wp\/v2\/posts\/6923\/revisions"}],"wp:attachment":[{"href":"https:\/\/labsk.net\/wkr\/wp-json\/wp\/v2\/media?parent=6923"}],"wp:term":[{"taxonomy":"category","embeddable":true,"href":"https:\/\/labsk.net\/wkr\/wp-json\/wp\/v2\/categories?post=6923"},{"taxonomy":"post_tag","embeddable":true,"href":"https:\/\/labsk.net\/wkr\/wp-json\/wp\/v2\/tags?post=6923"}],"curies":[{"name":"wp","href":"https:\/\/api.w.org\/{rel}","templated":true}]}}